{"id":1638,"date":"2026-04-29T18:32:36","date_gmt":"2026-04-29T23:32:36","guid":{"rendered":"https:\/\/tjer.org\/wp\/?p=1638"},"modified":"2026-04-29T18:32:37","modified_gmt":"2026-04-29T23:32:37","slug":"ya-viene-ya-llega-el-centro-cultural-tjer","status":"publish","type":"post","link":"https:\/\/tjer.org\/wp\/ya-viene-ya-llega-el-centro-cultural-tjer\/","title":{"rendered":"Ya viene, ya llega el CENTRO CULTURAL TJER"},"content":{"rendered":"\n<figure class=\"wp-block-image aligncenter size-large\"><img data-recalc-dims=\"1\" loading=\"lazy\" decoding=\"async\" width=\"1024\" height=\"197\" src=\"https:\/\/i0.wp.com\/tjer.org\/wp\/wp-content\/uploads\/2024\/09\/headerTJER-1.jpg?resize=1024%2C197&#038;ssl=1\" alt=\"\" class=\"wp-image-62\" srcset=\"https:\/\/i0.wp.com\/tjer.org\/wp\/wp-content\/uploads\/2024\/09\/headerTJER-1-scaled.jpg?resize=1024%2C197&amp;ssl=1 1024w, https:\/\/i0.wp.com\/tjer.org\/wp\/wp-content\/uploads\/2024\/09\/headerTJER-1-scaled.jpg?resize=300%2C58&amp;ssl=1 300w, https:\/\/i0.wp.com\/tjer.org\/wp\/wp-content\/uploads\/2024\/09\/headerTJER-1-scaled.jpg?resize=768%2C148&amp;ssl=1 768w, https:\/\/i0.wp.com\/tjer.org\/wp\/wp-content\/uploads\/2024\/09\/headerTJER-1-scaled.jpg?resize=1536%2C295&amp;ssl=1 1536w, https:\/\/i0.wp.com\/tjer.org\/wp\/wp-content\/uploads\/2024\/09\/headerTJER-1-scaled.jpg?resize=2048%2C393&amp;ssl=1 2048w\" sizes=\"auto, (max-width: 1000px) 100vw, 1000px\" \/><\/figure>\n\n\n\n<p class=\"has-text-align-center\"><strong>YA VIENE, YA LLEGA\u2026 EL CENTRO CULTURAL TJER<\/strong><\/p>\n\n\n\n<figure class=\"wp-block-image aligncenter size-large\"><img loading=\"lazy\" decoding=\"async\" width=\"1053\" height=\"1021\" src=\"https:\/\/i0.wp.com\/tjer.org\/wp\/wp-content\/uploads\/2026\/04\/PHOTO-2026-04-10-13-32-05.jpg?fit=1024%2C993&amp;ssl=1\" alt=\"\" class=\"wp-image-1639\" srcset=\"https:\/\/i0.wp.com\/tjer.org\/wp\/wp-content\/uploads\/2026\/04\/PHOTO-2026-04-10-13-32-05.jpg?w=1053&amp;ssl=1 1053w, https:\/\/i0.wp.com\/tjer.org\/wp\/wp-content\/uploads\/2026\/04\/PHOTO-2026-04-10-13-32-05.jpg?resize=300%2C291&amp;ssl=1 300w, https:\/\/i0.wp.com\/tjer.org\/wp\/wp-content\/uploads\/2026\/04\/PHOTO-2026-04-10-13-32-05.jpg?resize=1024%2C993&amp;ssl=1 1024w, https:\/\/i0.wp.com\/tjer.org\/wp\/wp-content\/uploads\/2026\/04\/PHOTO-2026-04-10-13-32-05.jpg?resize=768%2C745&amp;ssl=1 768w, https:\/\/i0.wp.com\/tjer.org\/wp\/wp-content\/uploads\/2026\/04\/PHOTO-2026-04-10-13-32-05.jpg?resize=600%2C582&amp;ssl=1 600w\" sizes=\"auto, (max-width: 1000px) 100vw, 1000px\" \/><\/figure>\n\n\n\n<p class=\"\">Invitamos a magisterio distrital y nacional, a las comunidades educativas, a la academia en general, al movimiento social y popular a participar y hacer uso del <strong>CENTRO CULTURAL TJER<\/strong>, espacio cr\u00edtico, emancipatorio, antiimperialista, antipatriarcal, pluricultural, antisionista y ANTIFASCISTA.<\/p>\n\n\n\n<p class=\"\">Este constructo colectivo tendr\u00e1 propuestas m\u00faltiples de trabajo, que se pone a disposici\u00f3n de las diversas luchas que profundicen al <strong>CAMBIO ESTRUCTURAL<\/strong> en nuestro pa\u00eds.<\/p>\n\n\n\n<p class=\"\">Tendr\u00e1 varios espacios y actividades l\u00fadicas para l@s ni\u00f1@s y personas de la tercera edad que en muchos casos son marginad@s de estos escenarios de pensamiento y acci\u00f3n cr\u00edticas.<\/p>\n\n\n\n<p class=\"\">LA LUCHA CULTURAL HOY ES UNA HERRAMIENTA FUNDAMENTAL CONTRA EL FASCISMO<\/p>\n\n\n\n<p class=\"\">Colectivo Magisterial TJER<\/p>\n\n\n\n<p class=\"\">Contratos Dignos para Docentes Provisionales<\/p>\n\n\n\n<p class=\"\">Tendencia Magisterial Anarquista TEMA<\/p>\n\n\n\n<p class=\"\">\u00a1LES ESPERAMOS!<\/p>\n\n\n\n<p class=\"\">FAVOR leer, reenviar, colocar en sus estados y juntarnos en esta Lucha Cultural\u2026 GRACIAS<\/p>\n","protected":false},"excerpt":{"rendered":"<p>YA VIENE, YA LLEGA\u2026 EL CENTRO CULTURAL TJER Invitamos a magisterio distrital y nacional, a las comunidades educativas, a la academia en general, al movimiento social y popular a participar y hacer uso del CENTRO CULTURAL TJER, espacio cr\u00edtico, emancipatorio, antiimperialista, antipatriarcal, pluricultural, antisionista y ANTIFASCISTA. Este constructo colectivo tendr\u00e1 propuestas m\u00faltiples de trabajo, que [&hellip;]<\/p>\n","protected":false},"author":3,"featured_media":1639,"comment_status":"open","ping_status":"open","sticky":false,"template":"","format":"standard","meta":{"nf_dc_page":"","om_disable_all_campaigns":false,"_monsterinsights_skip_tracking":false,"_monsterinsights_sitenote_active":false,"_monsterinsights_sitenote_note":"","_monsterinsights_sitenote_category":0,"_jetpack_memberships_contains_paid_content":false,"footnotes":""},"categories":[6],"tags":[],"class_list":["post-1638","post","type-post","status-publish","format-standard","has-post-thumbnail","hentry","category-tjer"],"yoast_head":"<!-- This site is optimized with the Yoast SEO plugin v27.5 - https:\/\/yoast.com\/product\/yoast-seo-wordpress\/ -->\n<title>Ya viene, ya llega el CENTRO CULTURAL TJER - TJER<\/title>\n<meta name=\"robots\" content=\"index, follow, max-snippet:-1, max-image-preview:large, max-video-preview:-1\" \/>\n<link rel=\"canonical\" href=\"https:\/\/tjer.org\/wp\/ya-viene-ya-llega-el-centro-cultural-tjer\/\" \/>\n<meta property=\"og:locale\" content=\"es_ES\" \/>\n<meta property=\"og:type\" content=\"article\" \/>\n<meta property=\"og:title\" content=\"Ya viene, ya llega el CENTRO CULTURAL TJER - TJER\" \/>\n<meta property=\"og:description\" content=\"YA VIENE, YA LLEGA\u2026 EL CENTRO CULTURAL TJER Invitamos a magisterio distrital y nacional, a las comunidades educativas, a la academia en general, al movimiento social y popular a participar y hacer uso del CENTRO CULTURAL TJER, espacio cr\u00edtico, emancipatorio, antiimperialista, antipatriarcal, pluricultural, antisionista y ANTIFASCISTA. Este constructo colectivo tendr\u00e1 propuestas m\u00faltiples de trabajo, que [&hellip;]\" \/>\n<meta property=\"og:url\" content=\"https:\/\/tjer.org\/wp\/ya-viene-ya-llega-el-centro-cultural-tjer\/\" \/>\n<meta property=\"og:site_name\" content=\"TJER\" \/>\n<meta property=\"article:publisher\" content=\"https:\/\/www.facebook.com\/TJERpensamientocritico\" \/>\n<meta property=\"article:published_time\" content=\"2026-04-29T23:32:36+00:00\" \/>\n<meta property=\"article:modified_time\" content=\"2026-04-29T23:32:37+00:00\" \/>\n<meta property=\"og:image\" content=\"https:\/\/tjer.org\/wp\/wp-content\/uploads\/2026\/04\/PHOTO-2026-04-10-13-32-05.jpg\" \/>\n\t<meta property=\"og:image:width\" content=\"1053\" \/>\n\t<meta property=\"og:image:height\" content=\"1021\" \/>\n\t<meta property=\"og:image:type\" content=\"image\/jpeg\" \/>\n<meta name=\"author\" content=\"TJER\" \/>\n<meta name=\"twitter:card\" content=\"summary_large_image\" \/>\n<meta name=\"twitter:creator\" content=\"@TJER2016\" \/>\n<meta name=\"twitter:site\" content=\"@TJER2016\" \/>\n<meta name=\"twitter:label1\" content=\"Escrito por\" \/>\n\t<meta name=\"twitter:data1\" content=\"TJER\" \/>\n\t<meta name=\"twitter:label2\" content=\"Tiempo de lectura\" \/>\n\t<meta name=\"twitter:data2\" content=\"2 minutos\" \/>\n<script type=\"application\/ld+json\" class=\"yoast-schema-graph\">{\"@context\":\"https:\\\/\\\/schema.org\",\"@graph\":[{\"@type\":\"Article\",\"@id\":\"https:\\\/\\\/tjer.org\\\/wp\\\/ya-viene-ya-llega-el-centro-cultural-tjer\\\/#article\",\"isPartOf\":{\"@id\":\"https:\\\/\\\/tjer.org\\\/wp\\\/ya-viene-ya-llega-el-centro-cultural-tjer\\\/\"},\"author\":{\"name\":\"TJER\",\"@id\":\"https:\\\/\\\/tjer.org\\\/wp\\\/#\\\/schema\\\/person\\\/a42465245b7042fb8d02f6d0b40287a3\"},\"headline\":\"Ya viene, ya llega el CENTRO CULTURAL TJER\",\"datePublished\":\"2026-04-29T23:32:36+00:00\",\"dateModified\":\"2026-04-29T23:32:37+00:00\",\"mainEntityOfPage\":{\"@id\":\"https:\\\/\\\/tjer.org\\\/wp\\\/ya-viene-ya-llega-el-centro-cultural-tjer\\\/\"},\"wordCount\":157,\"commentCount\":0,\"publisher\":{\"@id\":\"https:\\\/\\\/tjer.org\\\/wp\\\/#organization\"},\"image\":{\"@id\":\"https:\\\/\\\/tjer.org\\\/wp\\\/ya-viene-ya-llega-el-centro-cultural-tjer\\\/#primaryimage\"},\"thumbnailUrl\":\"https:\\\/\\\/i0.wp.com\\\/tjer.org\\\/wp\\\/wp-content\\\/uploads\\\/2026\\\/04\\\/PHOTO-2026-04-10-13-32-05.jpg?fit=1053%2C1021&ssl=1\",\"articleSection\":[\"TJER\"],\"inLanguage\":\"es-CO\",\"potentialAction\":[{\"@type\":\"CommentAction\",\"name\":\"Comment\",\"target\":[\"https:\\\/\\\/tjer.org\\\/wp\\\/ya-viene-ya-llega-el-centro-cultural-tjer\\\/#respond\"]}]},{\"@type\":\"WebPage\",\"@id\":\"https:\\\/\\\/tjer.org\\\/wp\\\/ya-viene-ya-llega-el-centro-cultural-tjer\\\/\",\"url\":\"https:\\\/\\\/tjer.org\\\/wp\\\/ya-viene-ya-llega-el-centro-cultural-tjer\\\/\",\"name\":\"Ya viene, ya llega el CENTRO CULTURAL TJER - TJER\",\"isPartOf\":{\"@id\":\"https:\\\/\\\/tjer.org\\\/wp\\\/#website\"},\"primaryImageOfPage\":{\"@id\":\"https:\\\/\\\/tjer.org\\\/wp\\\/ya-viene-ya-llega-el-centro-cultural-tjer\\\/#primaryimage\"},\"image\":{\"@id\":\"https:\\\/\\\/tjer.org\\\/wp\\\/ya-viene-ya-llega-el-centro-cultural-tjer\\\/#primaryimage\"},\"thumbnailUrl\":\"https:\\\/\\\/i0.wp.com\\\/tjer.org\\\/wp\\\/wp-content\\\/uploads\\\/2026\\\/04\\\/PHOTO-2026-04-10-13-32-05.jpg?fit=1053%2C1021&ssl=1\",\"datePublished\":\"2026-04-29T23:32:36+00:00\",\"dateModified\":\"2026-04-29T23:32:37+00:00\",\"breadcrumb\":{\"@id\":\"https:\\\/\\\/tjer.org\\\/wp\\\/ya-viene-ya-llega-el-centro-cultural-tjer\\\/#breadcrumb\"},\"inLanguage\":\"es-CO\",\"potentialAction\":[{\"@type\":\"ReadAction\",\"target\":[\"https:\\\/\\\/tjer.org\\\/wp\\\/ya-viene-ya-llega-el-centro-cultural-tjer\\\/\"]}]},{\"@type\":\"ImageObject\",\"inLanguage\":\"es-CO\",\"@id\":\"https:\\\/\\\/tjer.org\\\/wp\\\/ya-viene-ya-llega-el-centro-cultural-tjer\\\/#primaryimage\",\"url\":\"https:\\\/\\\/i0.wp.com\\\/tjer.org\\\/wp\\\/wp-content\\\/uploads\\\/2026\\\/04\\\/PHOTO-2026-04-10-13-32-05.jpg?fit=1053%2C1021&ssl=1\",\"contentUrl\":\"https:\\\/\\\/i0.wp.com\\\/tjer.org\\\/wp\\\/wp-content\\\/uploads\\\/2026\\\/04\\\/PHOTO-2026-04-10-13-32-05.jpg?fit=1053%2C1021&ssl=1\",\"width\":1053,\"height\":1021},{\"@type\":\"BreadcrumbList\",\"@id\":\"https:\\\/\\\/tjer.org\\\/wp\\\/ya-viene-ya-llega-el-centro-cultural-tjer\\\/#breadcrumb\",\"itemListElement\":[{\"@type\":\"ListItem\",\"position\":1,\"name\":\"Home\",\"item\":\"https:\\\/\\\/tjer.org\\\/wp\\\/\"},{\"@type\":\"ListItem\",\"position\":2,\"name\":\"Ya viene, ya llega el CENTRO CULTURAL TJER\"}]},{\"@type\":\"WebSite\",\"@id\":\"https:\\\/\\\/tjer.org\\\/wp\\\/#website\",\"url\":\"https:\\\/\\\/tjer.org\\\/wp\\\/\",\"name\":\"TJER\",\"description\":\"Taller de &#039;J&#039;ormaci\u00f3n Estudiantil Ra\u00edces\",\"publisher\":{\"@id\":\"https:\\\/\\\/tjer.org\\\/wp\\\/#organization\"},\"potentialAction\":[{\"@type\":\"SearchAction\",\"target\":{\"@type\":\"EntryPoint\",\"urlTemplate\":\"https:\\\/\\\/tjer.org\\\/wp\\\/?s={search_term_string}\"},\"query-input\":{\"@type\":\"PropertyValueSpecification\",\"valueRequired\":true,\"valueName\":\"search_term_string\"}}],\"inLanguage\":\"es-CO\"},{\"@type\":\"Organization\",\"@id\":\"https:\\\/\\\/tjer.org\\\/wp\\\/#organization\",\"name\":\"TJER\",\"url\":\"https:\\\/\\\/tjer.org\\\/wp\\\/\",\"logo\":{\"@type\":\"ImageObject\",\"inLanguage\":\"es-CO\",\"@id\":\"https:\\\/\\\/tjer.org\\\/wp\\\/#\\\/schema\\\/logo\\\/image\\\/\",\"url\":\"https:\\\/\\\/tjer.org\\\/wp\\\/wp-content\\\/uploads\\\/2024\\\/09\\\/image.png\",\"contentUrl\":\"https:\\\/\\\/tjer.org\\\/wp\\\/wp-content\\\/uploads\\\/2024\\\/09\\\/image.png\",\"width\":483,\"height\":483,\"caption\":\"TJER\"},\"image\":{\"@id\":\"https:\\\/\\\/tjer.org\\\/wp\\\/#\\\/schema\\\/logo\\\/image\\\/\"},\"sameAs\":[\"https:\\\/\\\/www.facebook.com\\\/TJERpensamientocritico\",\"https:\\\/\\\/x.com\\\/TJER2016\",\"https:\\\/\\\/www.instagram.com\\\/tjercritico\\\/\",\"https:\\\/\\\/www.youtube.com\\\/@TJERVideosyConferencias\"]},{\"@type\":\"Person\",\"@id\":\"https:\\\/\\\/tjer.org\\\/wp\\\/#\\\/schema\\\/person\\\/a42465245b7042fb8d02f6d0b40287a3\",\"name\":\"TJER\",\"image\":{\"@type\":\"ImageObject\",\"inLanguage\":\"es-CO\",\"@id\":\"https:\\\/\\\/secure.gravatar.com\\\/avatar\\\/d4d3425b0c25bca0636e7c00d8d601f41b6196d5c05f25ebbdf12da43e973937?s=96&d=mm&r=g\",\"url\":\"https:\\\/\\\/secure.gravatar.com\\\/avatar\\\/d4d3425b0c25bca0636e7c00d8d601f41b6196d5c05f25ebbdf12da43e973937?s=96&d=mm&r=g\",\"contentUrl\":\"https:\\\/\\\/secure.gravatar.com\\\/avatar\\\/d4d3425b0c25bca0636e7c00d8d601f41b6196d5c05f25ebbdf12da43e973937?s=96&d=mm&r=g\",\"caption\":\"TJER\"},\"url\":\"https:\\\/\\\/tjer.org\\\/wp\\\/author\\\/tatiana-vargasr\\\/\"}]}<\/script>\n<!-- \/ Yoast SEO plugin. -->","yoast_head_json":{"title":"Ya viene, ya llega el CENTRO CULTURAL TJER - TJER","robots":{"index":"index","follow":"follow","max-snippet":"max-snippet:-1","max-image-preview":"max-image-preview:large","max-video-preview":"max-video-preview:-1"},"canonical":"https:\/\/tjer.org\/wp\/ya-viene-ya-llega-el-centro-cultural-tjer\/","og_locale":"es_ES","og_type":"article","og_title":"Ya viene, ya llega el CENTRO CULTURAL TJER - TJER","og_description":"YA VIENE, YA LLEGA\u2026 EL CENTRO CULTURAL TJER Invitamos a magisterio distrital y nacional, a las comunidades educativas, a la academia en general, al movimiento social y popular a participar y hacer uso del CENTRO CULTURAL TJER, espacio cr\u00edtico, emancipatorio, antiimperialista, antipatriarcal, pluricultural, antisionista y ANTIFASCISTA. Este constructo colectivo tendr\u00e1 propuestas m\u00faltiples de trabajo, que [&hellip;]","og_url":"https:\/\/tjer.org\/wp\/ya-viene-ya-llega-el-centro-cultural-tjer\/","og_site_name":"TJER","article_publisher":"https:\/\/www.facebook.com\/TJERpensamientocritico","article_published_time":"2026-04-29T23:32:36+00:00","article_modified_time":"2026-04-29T23:32:37+00:00","og_image":[{"width":1053,"height":1021,"url":"https:\/\/tjer.org\/wp\/wp-content\/uploads\/2026\/04\/PHOTO-2026-04-10-13-32-05.jpg","type":"image\/jpeg"}],"author":"TJER","twitter_card":"summary_large_image","twitter_creator":"@TJER2016","twitter_site":"@TJER2016","twitter_misc":{"Escrito por":"TJER","Tiempo de lectura":"2 minutos"},"schema":{"@context":"https:\/\/schema.org","@graph":[{"@type":"Article","@id":"https:\/\/tjer.org\/wp\/ya-viene-ya-llega-el-centro-cultural-tjer\/#article","isPartOf":{"@id":"https:\/\/tjer.org\/wp\/ya-viene-ya-llega-el-centro-cultural-tjer\/"},"author":{"name":"TJER","@id":"https:\/\/tjer.org\/wp\/#\/schema\/person\/a42465245b7042fb8d02f6d0b40287a3"},"headline":"Ya viene, ya llega el CENTRO CULTURAL TJER","datePublished":"2026-04-29T23:32:36+00:00","dateModified":"2026-04-29T23:32:37+00:00","mainEntityOfPage":{"@id":"https:\/\/tjer.org\/wp\/ya-viene-ya-llega-el-centro-cultural-tjer\/"},"wordCount":157,"commentCount":0,"publisher":{"@id":"https:\/\/tjer.org\/wp\/#organization"},"image":{"@id":"https:\/\/tjer.org\/wp\/ya-viene-ya-llega-el-centro-cultural-tjer\/#primaryimage"},"thumbnailUrl":"https:\/\/i0.wp.com\/tjer.org\/wp\/wp-content\/uploads\/2026\/04\/PHOTO-2026-04-10-13-32-05.jpg?fit=1053%2C1021&ssl=1","articleSection":["TJER"],"inLanguage":"es-CO","potentialAction":[{"@type":"CommentAction","name":"Comment","target":["https:\/\/tjer.org\/wp\/ya-viene-ya-llega-el-centro-cultural-tjer\/#respond"]}]},{"@type":"WebPage","@id":"https:\/\/tjer.org\/wp\/ya-viene-ya-llega-el-centro-cultural-tjer\/","url":"https:\/\/tjer.org\/wp\/ya-viene-ya-llega-el-centro-cultural-tjer\/","name":"Ya viene, ya llega el CENTRO CULTURAL TJER - TJER","isPartOf":{"@id":"https:\/\/tjer.org\/wp\/#website"},"primaryImageOfPage":{"@id":"https:\/\/tjer.org\/wp\/ya-viene-ya-llega-el-centro-cultural-tjer\/#primaryimage"},"image":{"@id":"https:\/\/tjer.org\/wp\/ya-viene-ya-llega-el-centro-cultural-tjer\/#primaryimage"},"thumbnailUrl":"https:\/\/i0.wp.com\/tjer.org\/wp\/wp-content\/uploads\/2026\/04\/PHOTO-2026-04-10-13-32-05.jpg?fit=1053%2C1021&ssl=1","datePublished":"2026-04-29T23:32:36+00:00","dateModified":"2026-04-29T23:32:37+00:00","breadcrumb":{"@id":"https:\/\/tjer.org\/wp\/ya-viene-ya-llega-el-centro-cultural-tjer\/#breadcrumb"},"inLanguage":"es-CO","potentialAction":[{"@type":"ReadAction","target":["https:\/\/tjer.org\/wp\/ya-viene-ya-llega-el-centro-cultural-tjer\/"]}]},{"@type":"ImageObject","inLanguage":"es-CO","@id":"https:\/\/tjer.org\/wp\/ya-viene-ya-llega-el-centro-cultural-tjer\/#primaryimage","url":"https:\/\/i0.wp.com\/tjer.org\/wp\/wp-content\/uploads\/2026\/04\/PHOTO-2026-04-10-13-32-05.jpg?fit=1053%2C1021&ssl=1","contentUrl":"https:\/\/i0.wp.com\/tjer.org\/wp\/wp-content\/uploads\/2026\/04\/PHOTO-2026-04-10-13-32-05.jpg?fit=1053%2C1021&ssl=1","width":1053,"height":1021},{"@type":"BreadcrumbList","@id":"https:\/\/tjer.org\/wp\/ya-viene-ya-llega-el-centro-cultural-tjer\/#breadcrumb","itemListElement":[{"@type":"ListItem","position":1,"name":"Home","item":"https:\/\/tjer.org\/wp\/"},{"@type":"ListItem","position":2,"name":"Ya viene, ya llega el CENTRO CULTURAL TJER"}]},{"@type":"WebSite","@id":"https:\/\/tjer.org\/wp\/#website","url":"https:\/\/tjer.org\/wp\/","name":"TJER","description":"Taller de &#039;J&#039;ormaci\u00f3n Estudiantil Ra\u00edces","publisher":{"@id":"https:\/\/tjer.org\/wp\/#organization"},"potentialAction":[{"@type":"SearchAction","target":{"@type":"EntryPoint","urlTemplate":"https:\/\/tjer.org\/wp\/?s={search_term_string}"},"query-input":{"@type":"PropertyValueSpecification","valueRequired":true,"valueName":"search_term_string"}}],"inLanguage":"es-CO"},{"@type":"Organization","@id":"https:\/\/tjer.org\/wp\/#organization","name":"TJER","url":"https:\/\/tjer.org\/wp\/","logo":{"@type":"ImageObject","inLanguage":"es-CO","@id":"https:\/\/tjer.org\/wp\/#\/schema\/logo\/image\/","url":"https:\/\/tjer.org\/wp\/wp-content\/uploads\/2024\/09\/image.png","contentUrl":"https:\/\/tjer.org\/wp\/wp-content\/uploads\/2024\/09\/image.png","width":483,"height":483,"caption":"TJER"},"image":{"@id":"https:\/\/tjer.org\/wp\/#\/schema\/logo\/image\/"},"sameAs":["https:\/\/www.facebook.com\/TJERpensamientocritico","https:\/\/x.com\/TJER2016","https:\/\/www.instagram.com\/tjercritico\/","https:\/\/www.youtube.com\/@TJERVideosyConferencias"]},{"@type":"Person","@id":"https:\/\/tjer.org\/wp\/#\/schema\/person\/a42465245b7042fb8d02f6d0b40287a3","name":"TJER","image":{"@type":"ImageObject","inLanguage":"es-CO","@id":"https:\/\/secure.gravatar.com\/avatar\/d4d3425b0c25bca0636e7c00d8d601f41b6196d5c05f25ebbdf12da43e973937?s=96&d=mm&r=g","url":"https:\/\/secure.gravatar.com\/avatar\/d4d3425b0c25bca0636e7c00d8d601f41b6196d5c05f25ebbdf12da43e973937?s=96&d=mm&r=g","contentUrl":"https:\/\/secure.gravatar.com\/avatar\/d4d3425b0c25bca0636e7c00d8d601f41b6196d5c05f25ebbdf12da43e973937?s=96&d=mm&r=g","caption":"TJER"},"url":"https:\/\/tjer.org\/wp\/author\/tatiana-vargasr\/"}]}},"jetpack_featured_media_url":"https:\/\/i0.wp.com\/tjer.org\/wp\/wp-content\/uploads\/2026\/04\/PHOTO-2026-04-10-13-32-05.jpg?fit=1053%2C1021&ssl=1","jetpack_sharing_enabled":true,"_links":{"self":[{"href":"https:\/\/tjer.org\/wp\/wp-json\/wp\/v2\/posts\/1638","targetHints":{"allow":["GET"]}}],"collection":[{"href":"https:\/\/tjer.org\/wp\/wp-json\/wp\/v2\/posts"}],"about":[{"href":"https:\/\/tjer.org\/wp\/wp-json\/wp\/v2\/types\/post"}],"author":[{"embeddable":true,"href":"https:\/\/tjer.org\/wp\/wp-json\/wp\/v2\/users\/3"}],"replies":[{"embeddable":true,"href":"https:\/\/tjer.org\/wp\/wp-json\/wp\/v2\/comments?post=1638"}],"version-history":[{"count":1,"href":"https:\/\/tjer.org\/wp\/wp-json\/wp\/v2\/posts\/1638\/revisions"}],"predecessor-version":[{"id":1640,"href":"https:\/\/tjer.org\/wp\/wp-json\/wp\/v2\/posts\/1638\/revisions\/1640"}],"wp:featuredmedia":[{"embeddable":true,"href":"https:\/\/tjer.org\/wp\/wp-json\/wp\/v2\/media\/1639"}],"wp:attachment":[{"href":"https:\/\/tjer.org\/wp\/wp-json\/wp\/v2\/media?parent=1638"}],"wp:term":[{"taxonomy":"category","embeddable":true,"href":"https:\/\/tjer.org\/wp\/wp-json\/wp\/v2\/categories?post=1638"},{"taxonomy":"post_tag","embeddable":true,"href":"https:\/\/tjer.org\/wp\/wp-json\/wp\/v2\/tags?post=1638"}],"curies":[{"name":"wp","href":"https:\/\/api.w.org\/{rel}","templated":true}]}}